{"id":10178,"date":"2022-08-19T14:21:44","date_gmt":"2022-08-19T14:21:44","guid":{"rendered":"https:\/\/mooi-kliniek.nl\/vorbereitung-auf-die-nasenkorrektur\/"},"modified":"2024-08-20T06:59:27","modified_gmt":"2024-08-20T06:59:27","slug":"vorbereitung-auf-die-nasenkorrektur","status":"publish","type":"post","link":"https:\/\/mooi-kliniek.nl\/de\/vorbereitung-auf-die-nasenkorrektur\/","title":{"rendered":"Vorbereitung auf die Nasenkorrektur"},"content":{"rendered":"<h1>So bereiten Sie sich auf Ihre Nasenkorrektur vor<\/h1>\n<p>Sie haben sich f\u00fcr eine Nasenkorrektur entschieden. Der Termin f\u00fcr die Operation steht fest und Sie sind bereit, sich von der Form Ihrer alten Nase zu verabschieden, die Sie jahrelang gest\u00f6rt hat. Sie haben Ihre W\u00fcnsche und Erwartungen ausf\u00fchrlich mit dem plastischen Chirurgen besprochen. Sie wissen vielleicht auch, dass es <a href=\"\/neuscorrectie\/\">verschiedene<\/a> Verfahren <a href=\"\/neuscorrectie\/\">der Nasenkorrektur<\/a> gibt. Zum Beispiel ein Nasenloch, eine Nasenspitze oder eine umfangreiche Nasenkorrektur. Der plastische Chirurg hat Sie auch auf die Nachsorge und die Lebensregeln nach einer Nasenkorrektur aufmerksam gemacht. Kurz gesagt, Sie sind bereit f\u00fcr eine Operation. Richtig?<\/p>\n<p>Da es sehr aufregend ist, eine Nasenkorrektur durchf\u00fchren zu lassen, bereiten unsere plastischen Chirurgen Sie so gut wie m\u00f6glich vor.  <a href=\"\/specialist\/plastisch-chirurg-rene-van-der-hulst\/\">Prof. Dr. Ren\u00e9 van der Hulst<\/a>  gibt Ihnen gerne einige zus\u00e4tzliche Tipps, damit Sie sich gut auf das Verfahren vorbereiten k\u00f6nnen. Denn f\u00fcr jede Operation gilt: Je besser Sie sich vorbereiten, desto besser wird die Genesung sein.<a href=\"\/contact-opnemen\/afspraak-maken\/\"> Vereinbaren Sie hier Ihren ersten Beratungstermin<\/a>.<\/p>\n<h2>Beginnen Sie mit einem gesunden Lebensstil<\/h2>\n<p>Eine gute geistige und k\u00f6rperliche Verfassung vor einer Operation kann zu einer <a href=\"\/neuscorrectie\/herstel-nazorg\/\">besseren Genesung<\/a> beitragen. Das Risiko von Komplikationen besteht immer, aber wir wollen es so gering wie m\u00f6glich halten. Es ist sehr wichtig, nicht zu rauchen, denn das Risiko von Komplikationen in Form von Infektionen und Wundheilungsst\u00f6rungen ist bei Rauchern viel h\u00f6her als bei Nichtrauchern.<\/p>\n<h2>Freistellung von der Arbeit vereinbaren<\/h2>\n<p>Es ist wichtig, nach der Operation eine Ruhezeit einzuplanen. Ihre Nase wird ohnehin eingepackt sein, und Sie sollten sich auch regelm\u00e4\u00dfig abk\u00fchlen. Schmerzen sind nicht zu erwarten, sondern eher gewisse Unannehmlichkeiten. Nach einer Woche sollten Sie wieder leichte Arbeiten verrichten k\u00f6nnen, aber 2 Wochen Arbeitsunterbrechung zu vereinbaren, ist kein Luxus. Der plastische Chirurg kann Sie w\u00e4hrend des <a href=\"\/contact-opnemen\/afspraak-maken\/\">Beratungsgespr\u00e4chs<\/a> gut beraten.<\/p>\n<h2>Vermittlung von Hilfe zu Hause<\/h2>\n<p>Sie sollten auch nicht zu viel im und am Haus machen. Vor allem in den ersten Tagen m\u00fcssen Sie sich wirklich schonen und d\u00fcrfen sich nicht b\u00fccken oder anstrengen. Alle Aufgaben im Haushalt sollten f\u00fcr eine gewisse Zeit an jemand anderen \u00fcbergeben werden. Es ist sch\u00f6n, wenn man jemanden um sich herum hat, der einen unterst\u00fctzt und f\u00fcr einen sorgt. Extra Tipp! Es ist auch sch\u00f6n, wenn das Haus sch\u00f6n aufger\u00e4umt ist: ein sauberes Bett, keine W\u00e4schestapel mehr und ein aufger\u00e4umtes Haus, damit man eine Woche lang weitermachen kann.<\/p>\n<h2>Transport organisieren<\/h2>\n<p>Nach der Nasenkorrektur d\u00fcrfen Sie nicht selbstst\u00e4ndig und allein nach Hause fahren. Vereinbaren Sie einen Termin mit jemandem und lassen Sie sich absetzen und abholen. Es wird empfohlen, sich bis 1 Woche nach der Operation nicht selbst ans Steuer zu setzen.<\/p>\n<h2>Keine Brille tragen<\/h2>\n<p>In den ersten sechs Wochen nach der Operation sollten Sie keine Brille tragen. Wenn Sie also Brillentr\u00e4ger sind, m\u00fcssen Sie sich vorher eine L\u00f6sung einfallen lassen. Es ist gut, wenn Sie vor der Operation an Kontaktlinsen gew\u00f6hnt sind. K\u00f6nnen Sie wirklich keine Linsen vertragen? Dann ist es wichtig, dass die Brille nicht auf der Nase aufliegt. Zu den seri\u00f6sen Tipps unserer Kunden, die sich einer Nasenkorrektur unterzogen haben, geh\u00f6rt es, die Brille an der Stirn zu befestigen.<\/p>\n<h2>Holen Sie sich diese Leckereien ins Haus<\/h2>\n<p>Nach der Operation m\u00f6chte man das Haus lieber nicht verlassen, und au\u00dferdem ist es sinnvoll, vor der Operation einige Produkte im Haus zu haben. Holen Sie sich trotzdem das Folgende:<\/p>\n<ul>\n<li>Nasenspray mit Kochsalzl\u00f6sung<\/li>\n<li>Paracetamol<\/li>\n<li>Beutel mit gefrorenen Erbsen<\/li>\n<\/ul>\n<p>Sorgen Sie au\u00dferdem daf\u00fcr, dass gen\u00fcgend Lebensmittel im Haus sind, und bereiten Sie gegebenenfalls einige Mahlzeiten bereits vor, so dass Sie sie nur noch aufw\u00e4rmen m\u00fcssen. Wir h\u00f6ren oft von unseren Kunden, dass gro\u00dfe und harte Speisen nach einer Nasenkorrektur nicht gut sind, aber auch mit sehr hei\u00dfen Getr\u00e4nken und Suppen sollte man vorsichtig sein. Obst und gekochtes Gem\u00fcse sind immer gut.<\/p>\n<p>Besorgen Sie sich ausreichend Paracetamol, um die ersten Tage zu \u00fcberstehen. In Absprache mit dem plastischen Chirurgen werden Sie weitere Schmerzmittel erhalten. Denken Sie auch daran, dass es besser ist, Husten und Niesen nach der Operation zu vermeiden, da Sie dann Druck auf Ihr Gesicht aus\u00fcben. Haben Sie Allergien oder nehmen Sie Medikamente ein? Besprechen Sie dies immer mit dem plastischen Chirurgen.<\/p>\n<p>Es kann auch gut sein, mit einem zus\u00e4tzlichen Kissen zu schlafen, damit man nicht ganz flach liegt.<\/p>\n<h2>Das nimmst du mit in die MOOI-Klinik<\/h2>\n<p>Die Nasenkorrektur findet im Operationssaal der MOOI-Klinik statt. Was sollten Sie einpacken?<\/p>\n<ul>\n<li>Ihr Personalausweis oder Reisepass<\/li>\n<li>Locker sitzende und leichte Kleidung<\/li>\n<li>Schuhe oder Hausschuhe, in die man leicht hineinkommt<\/li>\n<li>Telefon + Ladeger\u00e4t<\/li>\n<li>Toilettenartikel<\/li>\n<li>Falls gew\u00fcnscht, ein Buch\/Zeitschrift\/Tablet und\/oder Ohrst\u00f6psel<\/li>\n<\/ul>\n<h2>N\u00fcchtern sein<\/h2>\n<p>Wenn Sie am Morgen operiert werden, ist es wichtig, dass Sie n\u00fcchtern in die MOOI-Klinik kommen. Das bedeutet, dass Sie am Abend ab Mitternacht nicht mehr essen, trinken oder rauchen d\u00fcrfen.<\/p>\n<h3>Pers\u00f6nliche Beratung &amp; Vorbereitung<\/h3>\n<p>Unsere plastischen Chirurgen ziehen es vor, Sie gut auf die Operation vorbereitet zu sehen. W\u00e4hrend des <a href=\"\/contact-opnemen\/afspraak-maken\/\">Beratungsgespr\u00e4chs<\/a> erhalten Sie viele Informationen und haben die M\u00f6glichkeit, alle Ihre Fragen zu stellen. Haben Sie Fragen? Dann nehmen Sie Kontakt mit uns auf!<\/p>\n<p>&nbsp;<\/p>\n<h5>MOOI f\u00fchlen,<\/h5>\n<h5>Ren\u00e9<\/h5>\n","protected":false},"excerpt":{"rendered":"<p>So bereiten Sie sich auf Ihre Nasenkorrektur vor Sie haben  Lees meer&#8230;<\/p>\n","protected":false},"author":4,"featured_media":7328,"comment_status":"closed","ping_status":"closed","sticky":false,"template":"","format":"standard","meta":{"_glsr_average":0,"_glsr_ranking":0,"_glsr_reviews":0,"footnotes":""},"categories":[195],"tags":[179],"class_list":["post-10178","post","type-post","status-publish","format-standard","has-post-thumbnail","hentry","category-nasenarbeit","tag-rene-de"],"yoast_head":"<!-- This site is optimized with the Yoast SEO plugin v27.4 - https:\/\/yoast.com\/product\/yoast-seo-wordpress\/ -->\n<title>Vorbereitung auf die Nasenkorrektur: das m\u00fcssen Sie arrangieren - Tipps Mooi Kliniek<\/title>\n<meta name=\"robots\" content=\"index, follow, max-snippet:-1, max-image-preview:large, max-video-preview:-1\" \/>\n<link rel=\"canonical\" href=\"https:\/\/mooi-kliniek.nl\/de\/vorbereitung-auf-die-nasenkorrektur\/\" \/>\n<meta property=\"og:locale\" content=\"de_DE\" \/>\n<meta property=\"og:type\" content=\"article\" \/>\n<meta property=\"og:title\" content=\"Vorbereitung auf die Nasenkorrektur: das m\u00fcssen Sie arrangieren - Tipps Mooi Kliniek\" \/>\n<meta property=\"og:description\" content=\"So bereiten Sie sich auf Ihre Nasenkorrektur vor Sie haben Lees meer...\" \/>\n<meta property=\"og:url\" content=\"https:\/\/mooi-kliniek.nl\/de\/vorbereitung-auf-die-nasenkorrektur\/\" \/>\n<meta property=\"og:site_name\" content=\"Mooi Kliniek\" \/>\n<meta property=\"article:publisher\" content=\"https:\/\/www.facebook.com\/mooikliniek\" \/>\n<meta property=\"article:published_time\" content=\"2022-08-19T14:21:44+00:00\" \/>\n<meta property=\"article:modified_time\" content=\"2024-08-20T06:59:27+00:00\" \/>\n<meta property=\"og:image\" content=\"https:\/\/mooi-kliniek.nl\/wp-content\/uploads\/2022\/08\/voorbereiding-neuscorrectie-tips.jpeg\" \/>\n\t<meta property=\"og:image:width\" content=\"1500\" \/>\n\t<meta property=\"og:image:height\" content=\"844\" \/>\n\t<meta property=\"og:image:type\" content=\"image\/jpeg\" \/>\n<meta name=\"author\" content=\"Ren\u00e9 van der Hulst\" \/>\n<meta name=\"twitter:card\" content=\"summary_large_image\" \/>\n<meta name=\"twitter:label1\" content=\"Verfasst von\" \/>\n\t<meta name=\"twitter:data1\" content=\"Ren\u00e9 van der Hulst\" \/>\n\t<meta name=\"twitter:label2\" content=\"Gesch\u00e4tzte Lesezeit\" \/>\n\t<meta name=\"twitter:data2\" content=\"4\u00a0Minuten\" \/>\n<script type=\"application\/ld+json\" class=\"yoast-schema-graph\">{\"@context\":\"https:\\\/\\\/schema.org\",\"@graph\":[{\"@type\":\"Article\",\"@id\":\"https:\\\/\\\/mooi-kliniek.nl\\\/de\\\/vorbereitung-auf-die-nasenkorrektur\\\/#article\",\"isPartOf\":{\"@id\":\"https:\\\/\\\/mooi-kliniek.nl\\\/de\\\/vorbereitung-auf-die-nasenkorrektur\\\/\"},\"author\":{\"name\":\"Ren\u00e9 van der Hulst\",\"@id\":\"https:\\\/\\\/mooi-kliniek.nl\\\/de\\\/#\\\/schema\\\/person\\\/b7b409370808f917646dcf8eb44700c6\"},\"headline\":\"Vorbereitung auf die Nasenkorrektur\",\"datePublished\":\"2022-08-19T14:21:44+00:00\",\"dateModified\":\"2024-08-20T06:59:27+00:00\",\"mainEntityOfPage\":{\"@id\":\"https:\\\/\\\/mooi-kliniek.nl\\\/de\\\/vorbereitung-auf-die-nasenkorrektur\\\/\"},\"wordCount\":890,\"publisher\":{\"@id\":\"https:\\\/\\\/mooi-kliniek.nl\\\/de\\\/#organization\"},\"image\":{\"@id\":\"https:\\\/\\\/mooi-kliniek.nl\\\/de\\\/vorbereitung-auf-die-nasenkorrektur\\\/#primaryimage\"},\"thumbnailUrl\":\"https:\\\/\\\/mooi-kliniek.nl\\\/wp-content\\\/uploads\\\/2022\\\/08\\\/voorbereiding-neuscorrectie-tips.jpeg\",\"keywords\":[\"Rene\"],\"articleSection\":[\"Nasenarbeit\"],\"inLanguage\":\"de\"},{\"@type\":\"WebPage\",\"@id\":\"https:\\\/\\\/mooi-kliniek.nl\\\/de\\\/vorbereitung-auf-die-nasenkorrektur\\\/\",\"url\":\"https:\\\/\\\/mooi-kliniek.nl\\\/de\\\/vorbereitung-auf-die-nasenkorrektur\\\/\",\"name\":\"Vorbereitung auf die Nasenkorrektur: das m\u00fcssen Sie arrangieren - Tipps Mooi Kliniek\",\"isPartOf\":{\"@id\":\"https:\\\/\\\/mooi-kliniek.nl\\\/de\\\/#website\"},\"primaryImageOfPage\":{\"@id\":\"https:\\\/\\\/mooi-kliniek.nl\\\/de\\\/vorbereitung-auf-die-nasenkorrektur\\\/#primaryimage\"},\"image\":{\"@id\":\"https:\\\/\\\/mooi-kliniek.nl\\\/de\\\/vorbereitung-auf-die-nasenkorrektur\\\/#primaryimage\"},\"thumbnailUrl\":\"https:\\\/\\\/mooi-kliniek.nl\\\/wp-content\\\/uploads\\\/2022\\\/08\\\/voorbereiding-neuscorrectie-tips.jpeg\",\"datePublished\":\"2022-08-19T14:21:44+00:00\",\"dateModified\":\"2024-08-20T06:59:27+00:00\",\"breadcrumb\":{\"@id\":\"https:\\\/\\\/mooi-kliniek.nl\\\/de\\\/vorbereitung-auf-die-nasenkorrektur\\\/#breadcrumb\"},\"inLanguage\":\"de\",\"potentialAction\":[{\"@type\":\"ReadAction\",\"target\":[\"https:\\\/\\\/mooi-kliniek.nl\\\/de\\\/vorbereitung-auf-die-nasenkorrektur\\\/\"]}]},{\"@type\":\"ImageObject\",\"inLanguage\":\"de\",\"@id\":\"https:\\\/\\\/mooi-kliniek.nl\\\/de\\\/vorbereitung-auf-die-nasenkorrektur\\\/#primaryimage\",\"url\":\"https:\\\/\\\/mooi-kliniek.nl\\\/wp-content\\\/uploads\\\/2022\\\/08\\\/voorbereiding-neuscorrectie-tips.jpeg\",\"contentUrl\":\"https:\\\/\\\/mooi-kliniek.nl\\\/wp-content\\\/uploads\\\/2022\\\/08\\\/voorbereiding-neuscorrectie-tips.jpeg\",\"width\":1500,\"height\":844},{\"@type\":\"BreadcrumbList\",\"@id\":\"https:\\\/\\\/mooi-kliniek.nl\\\/de\\\/vorbereitung-auf-die-nasenkorrektur\\\/#breadcrumb\",\"itemListElement\":[{\"@type\":\"ListItem\",\"position\":1,\"name\":\"Home\",\"item\":\"https:\\\/\\\/mooi-kliniek.nl\\\/de\\\/\"},{\"@type\":\"ListItem\",\"position\":2,\"name\":\"Vorbereitung auf die Nasenkorrektur\"}]},{\"@type\":\"WebSite\",\"@id\":\"https:\\\/\\\/mooi-kliniek.nl\\\/de\\\/#website\",\"url\":\"https:\\\/\\\/mooi-kliniek.nl\\\/de\\\/\",\"name\":\"Mooi Kliniek\",\"description\":\"\",\"publisher\":{\"@id\":\"https:\\\/\\\/mooi-kliniek.nl\\\/de\\\/#organization\"},\"potentialAction\":[{\"@type\":\"SearchAction\",\"target\":{\"@type\":\"EntryPoint\",\"urlTemplate\":\"https:\\\/\\\/mooi-kliniek.nl\\\/de\\\/?s={search_term_string}\"},\"query-input\":{\"@type\":\"PropertyValueSpecification\",\"valueRequired\":true,\"valueName\":\"search_term_string\"}}],\"inLanguage\":\"de\"},{\"@type\":\"Organization\",\"@id\":\"https:\\\/\\\/mooi-kliniek.nl\\\/de\\\/#organization\",\"name\":\"MOOI kliniek\",\"url\":\"https:\\\/\\\/mooi-kliniek.nl\\\/de\\\/\",\"logo\":{\"@type\":\"ImageObject\",\"inLanguage\":\"de\",\"@id\":\"https:\\\/\\\/mooi-kliniek.nl\\\/de\\\/#\\\/schema\\\/logo\\\/image\\\/\",\"url\":\"https:\\\/\\\/mooi-kliniek.nl\\\/wp-content\\\/uploads\\\/2021\\\/12\\\/Mooi-kliniek-maastricht-logo.png\",\"contentUrl\":\"https:\\\/\\\/mooi-kliniek.nl\\\/wp-content\\\/uploads\\\/2021\\\/12\\\/Mooi-kliniek-maastricht-logo.png\",\"width\":250,\"height\":119,\"caption\":\"MOOI kliniek\"},\"image\":{\"@id\":\"https:\\\/\\\/mooi-kliniek.nl\\\/de\\\/#\\\/schema\\\/logo\\\/image\\\/\"},\"sameAs\":[\"https:\\\/\\\/www.facebook.com\\\/mooikliniek\",\"https:\\\/\\\/www.linkedin.com\\\/company\\\/mooi-kliniek\"]},{\"@type\":\"Person\",\"@id\":\"https:\\\/\\\/mooi-kliniek.nl\\\/de\\\/#\\\/schema\\\/person\\\/b7b409370808f917646dcf8eb44700c6\",\"name\":\"Ren\u00e9 van der Hulst\",\"image\":{\"@type\":\"ImageObject\",\"inLanguage\":\"de\",\"@id\":\"https:\\\/\\\/secure.gravatar.com\\\/avatar\\\/e740907363bf15b4ace006e7837f70da8e16a27a6617fb26a2f7a6f9c2b590e3?s=96&d=mm&r=g\",\"url\":\"https:\\\/\\\/secure.gravatar.com\\\/avatar\\\/e740907363bf15b4ace006e7837f70da8e16a27a6617fb26a2f7a6f9c2b590e3?s=96&d=mm&r=g\",\"contentUrl\":\"https:\\\/\\\/secure.gravatar.com\\\/avatar\\\/e740907363bf15b4ace006e7837f70da8e16a27a6617fb26a2f7a6f9c2b590e3?s=96&d=mm&r=g\",\"caption\":\"Ren\u00e9 van der Hulst\"}}]}<\/script>\n<!-- \/ Yoast SEO plugin. -->","yoast_head_json":{"title":"Vorbereitung auf die Nasenkorrektur: das m\u00fcssen Sie arrangieren - Tipps Mooi Kliniek","robots":{"index":"index","follow":"follow","max-snippet":"max-snippet:-1","max-image-preview":"max-image-preview:large","max-video-preview":"max-video-preview:-1"},"canonical":"https:\/\/mooi-kliniek.nl\/de\/vorbereitung-auf-die-nasenkorrektur\/","og_locale":"de_DE","og_type":"article","og_title":"Vorbereitung auf die Nasenkorrektur: das m\u00fcssen Sie arrangieren - Tipps Mooi Kliniek","og_description":"So bereiten Sie sich auf Ihre Nasenkorrektur vor Sie haben Lees meer...","og_url":"https:\/\/mooi-kliniek.nl\/de\/vorbereitung-auf-die-nasenkorrektur\/","og_site_name":"Mooi Kliniek","article_publisher":"https:\/\/www.facebook.com\/mooikliniek","article_published_time":"2022-08-19T14:21:44+00:00","article_modified_time":"2024-08-20T06:59:27+00:00","og_image":[{"width":1500,"height":844,"url":"https:\/\/mooi-kliniek.nl\/wp-content\/uploads\/2022\/08\/voorbereiding-neuscorrectie-tips.jpeg","type":"image\/jpeg"}],"author":"Ren\u00e9 van der Hulst","twitter_card":"summary_large_image","twitter_misc":{"Verfasst von":"Ren\u00e9 van der Hulst","Gesch\u00e4tzte Lesezeit":"4\u00a0Minuten"},"schema":{"@context":"https:\/\/schema.org","@graph":[{"@type":"Article","@id":"https:\/\/mooi-kliniek.nl\/de\/vorbereitung-auf-die-nasenkorrektur\/#article","isPartOf":{"@id":"https:\/\/mooi-kliniek.nl\/de\/vorbereitung-auf-die-nasenkorrektur\/"},"author":{"name":"Ren\u00e9 van der Hulst","@id":"https:\/\/mooi-kliniek.nl\/de\/#\/schema\/person\/b7b409370808f917646dcf8eb44700c6"},"headline":"Vorbereitung auf die Nasenkorrektur","datePublished":"2022-08-19T14:21:44+00:00","dateModified":"2024-08-20T06:59:27+00:00","mainEntityOfPage":{"@id":"https:\/\/mooi-kliniek.nl\/de\/vorbereitung-auf-die-nasenkorrektur\/"},"wordCount":890,"publisher":{"@id":"https:\/\/mooi-kliniek.nl\/de\/#organization"},"image":{"@id":"https:\/\/mooi-kliniek.nl\/de\/vorbereitung-auf-die-nasenkorrektur\/#primaryimage"},"thumbnailUrl":"https:\/\/mooi-kliniek.nl\/wp-content\/uploads\/2022\/08\/voorbereiding-neuscorrectie-tips.jpeg","keywords":["Rene"],"articleSection":["Nasenarbeit"],"inLanguage":"de"},{"@type":"WebPage","@id":"https:\/\/mooi-kliniek.nl\/de\/vorbereitung-auf-die-nasenkorrektur\/","url":"https:\/\/mooi-kliniek.nl\/de\/vorbereitung-auf-die-nasenkorrektur\/","name":"Vorbereitung auf die Nasenkorrektur: das m\u00fcssen Sie arrangieren - Tipps Mooi Kliniek","isPartOf":{"@id":"https:\/\/mooi-kliniek.nl\/de\/#website"},"primaryImageOfPage":{"@id":"https:\/\/mooi-kliniek.nl\/de\/vorbereitung-auf-die-nasenkorrektur\/#primaryimage"},"image":{"@id":"https:\/\/mooi-kliniek.nl\/de\/vorbereitung-auf-die-nasenkorrektur\/#primaryimage"},"thumbnailUrl":"https:\/\/mooi-kliniek.nl\/wp-content\/uploads\/2022\/08\/voorbereiding-neuscorrectie-tips.jpeg","datePublished":"2022-08-19T14:21:44+00:00","dateModified":"2024-08-20T06:59:27+00:00","breadcrumb":{"@id":"https:\/\/mooi-kliniek.nl\/de\/vorbereitung-auf-die-nasenkorrektur\/#breadcrumb"},"inLanguage":"de","potentialAction":[{"@type":"ReadAction","target":["https:\/\/mooi-kliniek.nl\/de\/vorbereitung-auf-die-nasenkorrektur\/"]}]},{"@type":"ImageObject","inLanguage":"de","@id":"https:\/\/mooi-kliniek.nl\/de\/vorbereitung-auf-die-nasenkorrektur\/#primaryimage","url":"https:\/\/mooi-kliniek.nl\/wp-content\/uploads\/2022\/08\/voorbereiding-neuscorrectie-tips.jpeg","contentUrl":"https:\/\/mooi-kliniek.nl\/wp-content\/uploads\/2022\/08\/voorbereiding-neuscorrectie-tips.jpeg","width":1500,"height":844},{"@type":"BreadcrumbList","@id":"https:\/\/mooi-kliniek.nl\/de\/vorbereitung-auf-die-nasenkorrektur\/#breadcrumb","itemListElement":[{"@type":"ListItem","position":1,"name":"Home","item":"https:\/\/mooi-kliniek.nl\/de\/"},{"@type":"ListItem","position":2,"name":"Vorbereitung auf die Nasenkorrektur"}]},{"@type":"WebSite","@id":"https:\/\/mooi-kliniek.nl\/de\/#website","url":"https:\/\/mooi-kliniek.nl\/de\/","name":"Mooi Kliniek","description":"","publisher":{"@id":"https:\/\/mooi-kliniek.nl\/de\/#organization"},"potentialAction":[{"@type":"SearchAction","target":{"@type":"EntryPoint","urlTemplate":"https:\/\/mooi-kliniek.nl\/de\/?s={search_term_string}"},"query-input":{"@type":"PropertyValueSpecification","valueRequired":true,"valueName":"search_term_string"}}],"inLanguage":"de"},{"@type":"Organization","@id":"https:\/\/mooi-kliniek.nl\/de\/#organization","name":"MOOI kliniek","url":"https:\/\/mooi-kliniek.nl\/de\/","logo":{"@type":"ImageObject","inLanguage":"de","@id":"https:\/\/mooi-kliniek.nl\/de\/#\/schema\/logo\/image\/","url":"https:\/\/mooi-kliniek.nl\/wp-content\/uploads\/2021\/12\/Mooi-kliniek-maastricht-logo.png","contentUrl":"https:\/\/mooi-kliniek.nl\/wp-content\/uploads\/2021\/12\/Mooi-kliniek-maastricht-logo.png","width":250,"height":119,"caption":"MOOI kliniek"},"image":{"@id":"https:\/\/mooi-kliniek.nl\/de\/#\/schema\/logo\/image\/"},"sameAs":["https:\/\/www.facebook.com\/mooikliniek","https:\/\/www.linkedin.com\/company\/mooi-kliniek"]},{"@type":"Person","@id":"https:\/\/mooi-kliniek.nl\/de\/#\/schema\/person\/b7b409370808f917646dcf8eb44700c6","name":"Ren\u00e9 van der Hulst","image":{"@type":"ImageObject","inLanguage":"de","@id":"https:\/\/secure.gravatar.com\/avatar\/e740907363bf15b4ace006e7837f70da8e16a27a6617fb26a2f7a6f9c2b590e3?s=96&d=mm&r=g","url":"https:\/\/secure.gravatar.com\/avatar\/e740907363bf15b4ace006e7837f70da8e16a27a6617fb26a2f7a6f9c2b590e3?s=96&d=mm&r=g","contentUrl":"https:\/\/secure.gravatar.com\/avatar\/e740907363bf15b4ace006e7837f70da8e16a27a6617fb26a2f7a6f9c2b590e3?s=96&d=mm&r=g","caption":"Ren\u00e9 van der Hulst"}}]}},"_links":{"self":[{"href":"https:\/\/mooi-kliniek.nl\/de\/wp-json\/wp\/v2\/posts\/10178","targetHints":{"allow":["GET"]}}],"collection":[{"href":"https:\/\/mooi-kliniek.nl\/de\/wp-json\/wp\/v2\/posts"}],"about":[{"href":"https:\/\/mooi-kliniek.nl\/de\/wp-json\/wp\/v2\/types\/post"}],"author":[{"embeddable":true,"href":"https:\/\/mooi-kliniek.nl\/de\/wp-json\/wp\/v2\/users\/4"}],"replies":[{"embeddable":true,"href":"https:\/\/mooi-kliniek.nl\/de\/wp-json\/wp\/v2\/comments?post=10178"}],"version-history":[{"count":1,"href":"https:\/\/mooi-kliniek.nl\/de\/wp-json\/wp\/v2\/posts\/10178\/revisions"}],"predecessor-version":[{"id":12410,"href":"https:\/\/mooi-kliniek.nl\/de\/wp-json\/wp\/v2\/posts\/10178\/revisions\/12410"}],"wp:featuredmedia":[{"embeddable":true,"href":"https:\/\/mooi-kliniek.nl\/de\/wp-json\/wp\/v2\/media\/7328"}],"wp:attachment":[{"href":"https:\/\/mooi-kliniek.nl\/de\/wp-json\/wp\/v2\/media?parent=10178"}],"wp:term":[{"taxonomy":"category","embeddable":true,"href":"https:\/\/mooi-kliniek.nl\/de\/wp-json\/wp\/v2\/categories?post=10178"},{"taxonomy":"post_tag","embeddable":true,"href":"https:\/\/mooi-kliniek.nl\/de\/wp-json\/wp\/v2\/tags?post=10178"}],"curies":[{"name":"wp","href":"https:\/\/api.w.org\/{rel}","templated":true}]}}